{"id":854,"count":3,"description":"Cr\u00e9\u00e9e pour c\u00e9l\u00e9brer la circulation des id\u00e9es et des savoirs,\u00a0<strong>\u00e0 l\u2019initiative du r\u00e9seau des Instituts fran\u00e7ais \u00e0 travers le monde<\/strong>, la Nuit des id\u00e9es est une invitation au partage et \u00e0 la d\u00e9couverte des savoirs.\r\n\r\nL\u2019\u00e9v\u00e9nement veut \u00e9changer dans tous les domaines dans une forme accessible et festive, o\u00f9 les enjeux de notre temps peuvent \u00eatre plac\u00e9s sous les feux crois\u00e9s de la r\u00e9flexion philosophique, des savoirs scientifiques, des pratiques artistiques et des exp\u00e9riences litt\u00e9raires.","link":"https:\/\/www.ifg.gr\/fr\/event-groups\/nuit-des-idees\/","name":"Nuit Des id\u00e9es","slug":"nuit-des-idees","taxonomy":"event_group","parent":0,"meta":[],"acf":[],"yoast_head":"<!-- This site is optimized with the Yoast SEO plugin v26.8 - https:\/\/yoast.com\/product\/yoast-seo-wordpress\/ -->\n<title>Nuit Des id\u00e9es<\/title>\n<meta name=\"description\" content=\"Nuit Des id\u00e9es\" \/>\n<meta name=\"robots\" content=\"index, follow, max-snippet:-1, max-image-preview:large, max-video-preview:-1\" \/>\n<link rel=\"canonical\" href=\"https:\/\/www.ifg.gr\/fr\/event-groups\/nuit-des-idees\/\" \/>\n<meta property=\"og:locale\" content=\"fr_FR\" \/>\n<meta property=\"og:type\" content=\"article\" \/>\n<meta property=\"og:title\" content=\"Nuit Des id\u00e9es\" \/>\n<meta property=\"og:description\" content=\"Nuit Des id\u00e9es\" \/>\n<meta property=\"og:url\" content=\"https:\/\/www.ifg.gr\/fr\/event-groups\/nuit-des-idees\/\" \/>\n<meta property=\"og:site_name\" content=\"IFG\" \/>\n<meta name=\"twitter:card\" content=\"summary_large_image\" \/>\n<script type=\"application\/ld+json\" class=\"yoast-schema-graph\">{\"@context\":\"https:\/\/schema.org\",\"@graph\":[{\"@type\":\"CollectionPage\",\"@id\":\"https:\/\/www.ifg.gr\/fr\/event-groups\/nuit-des-idees\/\",\"url\":\"https:\/\/www.ifg.gr\/fr\/event-groups\/nuit-des-idees\/\",\"name\":\"Nuit Des id\u00e9es\",\"isPartOf\":{\"@id\":\"https:\/\/www.ifg.gr\/#website\"},\"description\":\"Nuit Des id\u00e9es\",\"breadcrumb\":{\"@id\":\"https:\/\/www.ifg.gr\/fr\/event-groups\/nuit-des-idees\/#breadcrumb\"},\"inLanguage\":\"fr-FR\"},{\"@type\":\"BreadcrumbList\",\"@id\":\"https:\/\/www.ifg.gr\/fr\/event-groups\/nuit-des-idees\/#breadcrumb\",\"itemListElement\":[{\"@type\":\"ListItem\",\"position\":1,\"name\":\"Home\",\"item\":\"https:\/\/www.ifg.gr\/fr\/\"},{\"@type\":\"ListItem\",\"position\":2,\"name\":\"Nuit Des id\u00e9es\"}]},{\"@type\":\"WebSite\",\"@id\":\"https:\/\/www.ifg.gr\/#website\",\"url\":\"https:\/\/www.ifg.gr\/\",\"name\":\"IFG\",\"description\":\"\",\"potentialAction\":[{\"@type\":\"SearchAction\",\"target\":{\"@type\":\"EntryPoint\",\"urlTemplate\":\"https:\/\/www.ifg.gr\/?s={search_term_string}\"},\"query-input\":{\"@type\":\"PropertyValueSpecification\",\"valueRequired\":true,\"valueName\":\"search_term_string\"}}],\"inLanguage\":\"fr-FR\"}]}<\/script>\n<!-- \/ Yoast SEO plugin. -->","yoast_head_json":{"title":"Nuit Des id\u00e9es","description":"Nuit Des id\u00e9es","robots":{"index":"index","follow":"follow","max-snippet":"max-snippet:-1","max-image-preview":"max-image-preview:large","max-video-preview":"max-video-preview:-1"},"canonical":"https:\/\/www.ifg.gr\/fr\/event-groups\/nuit-des-idees\/","og_locale":"fr_FR","og_type":"article","og_title":"Nuit Des id\u00e9es","og_description":"Nuit Des id\u00e9es","og_url":"https:\/\/www.ifg.gr\/fr\/event-groups\/nuit-des-idees\/","og_site_name":"IFG","twitter_card":"summary_large_image","schema":{"@context":"https:\/\/schema.org","@graph":[{"@type":"CollectionPage","@id":"https:\/\/www.ifg.gr\/fr\/event-groups\/nuit-des-idees\/","url":"https:\/\/www.ifg.gr\/fr\/event-groups\/nuit-des-idees\/","name":"Nuit Des id\u00e9es","isPartOf":{"@id":"https:\/\/www.ifg.gr\/#website"},"description":"Nuit Des id\u00e9es","breadcrumb":{"@id":"https:\/\/www.ifg.gr\/fr\/event-groups\/nuit-des-idees\/#breadcrumb"},"inLanguage":"fr-FR"},{"@type":"BreadcrumbList","@id":"https:\/\/www.ifg.gr\/fr\/event-groups\/nuit-des-idees\/#breadcrumb","itemListElement":[{"@type":"ListItem","position":1,"name":"Home","item":"https:\/\/www.ifg.gr\/fr\/"},{"@type":"ListItem","position":2,"name":"Nuit Des id\u00e9es"}]},{"@type":"WebSite","@id":"https:\/\/www.ifg.gr\/#website","url":"https:\/\/www.ifg.gr\/","name":"IFG","description":"","potentialAction":[{"@type":"SearchAction","target":{"@type":"EntryPoint","urlTemplate":"https:\/\/www.ifg.gr\/?s={search_term_string}"},"query-input":{"@type":"PropertyValueSpecification","valueRequired":true,"valueName":"search_term_string"}}],"inLanguage":"fr-FR"}]}},"_links":{"self":[{"href":"https:\/\/www.ifg.gr\/fr\/wp-json\/wp\/v2\/event_group\/854","targetHints":{"allow":["GET"]}}],"collection":[{"href":"https:\/\/www.ifg.gr\/fr\/wp-json\/wp\/v2\/event_group"}],"about":[{"href":"https:\/\/www.ifg.gr\/fr\/wp-json\/wp\/v2\/taxonomies\/event_group"}],"wp:post_type":[{"href":"https:\/\/www.ifg.gr\/fr\/wp-json\/wp\/v2\/event?event_group=854"}],"curies":[{"name":"wp","href":"https:\/\/api.w.org\/{rel}","templated":true}]}}