{"id":987,"count":7,"description":"A l\u2019occasion du bicentenaire de la R\u00e9volution grecque de 1821, l\u2019Institut fran\u00e7ais de Gr\u00e8ce met en place un programme d\u2019actions \u00e9ducatives et culturelles, tout au long de l\u2019ann\u00e9e 2021.\r\n\r\nDes partenaires grecs (r\u00e9gions, villes, mus\u00e9es, biblioth\u00e8ques, etc.) sont associ\u00e9s \u00e0 plusieurs de ces actions dans le but de les enrichir, leur donner vie localement partout en Gr\u00e8ce et tourner vers l\u2019avenir les liens profonds de l\u2019amiti\u00e9 franco-hell\u00e9nique.","link":"https:\/\/www.ifg.gr\/fr\/event-groups\/france-grece-200-ans-amitie\/","name":"France - Gr\u00e8ce : 200 ans d'amiti\u00e9","slug":"france-grece-200-ans-amitie","taxonomy":"event_group","parent":0,"meta":[],"acf":[],"yoast_head":"<!-- This site is optimized with the Yoast SEO plugin v26.8 - https:\/\/yoast.com\/product\/yoast-seo-wordpress\/ -->\n<title>France - Gr\u00e8ce : 200 ans d&#039;amiti\u00e9 Archives - IFG<\/title>\n<meta name=\"robots\" content=\"index, follow, max-snippet:-1, max-image-preview:large, max-video-preview:-1\" \/>\n<link rel=\"canonical\" href=\"https:\/\/www.ifg.gr\/fr\/event-groups\/france-grece-200-ans-amitie\/\" \/>\n<meta property=\"og:locale\" content=\"fr_FR\" \/>\n<meta property=\"og:type\" content=\"article\" \/>\n<meta property=\"og:title\" content=\"France - Gr\u00e8ce : 200 ans d&#039;amiti\u00e9 Archives - IFG\" \/>\n<meta property=\"og:description\" content=\"A l\u2019occasion du bicentenaire de la R\u00e9volution grecque de 1821, l\u2019Institut fran\u00e7ais de Gr\u00e8ce met en place un programme d\u2019actions \u00e9ducatives et culturelles, tout au long de l\u2019ann\u00e9e 2021. Des partenaires grecs (r\u00e9gions, villes, mus\u00e9es, biblioth\u00e8ques, etc.) sont associ\u00e9s \u00e0 plusieurs de ces actions dans le but de les enrichir, leur donner vie localement partout en Gr\u00e8ce et tourner vers l\u2019avenir les liens profonds de l\u2019amiti\u00e9 franco-hell\u00e9nique.\" \/>\n<meta property=\"og:url\" content=\"https:\/\/www.ifg.gr\/fr\/event-groups\/france-grece-200-ans-amitie\/\" \/>\n<meta property=\"og:site_name\" content=\"IFG\" \/>\n<meta name=\"twitter:card\" content=\"summary_large_image\" \/>\n<script type=\"application\/ld+json\" class=\"yoast-schema-graph\">{\"@context\":\"https:\/\/schema.org\",\"@graph\":[{\"@type\":\"CollectionPage\",\"@id\":\"https:\/\/www.ifg.gr\/fr\/event-groups\/france-grece-200-ans-amitie\/\",\"url\":\"https:\/\/www.ifg.gr\/fr\/event-groups\/france-grece-200-ans-amitie\/\",\"name\":\"France - Gr\u00e8ce : 200 ans d'amiti\u00e9 Archives - IFG\",\"isPartOf\":{\"@id\":\"https:\/\/www.ifg.gr\/#website\"},\"breadcrumb\":{\"@id\":\"https:\/\/www.ifg.gr\/fr\/event-groups\/france-grece-200-ans-amitie\/#breadcrumb\"},\"inLanguage\":\"fr-FR\"},{\"@type\":\"BreadcrumbList\",\"@id\":\"https:\/\/www.ifg.gr\/fr\/event-groups\/france-grece-200-ans-amitie\/#breadcrumb\",\"itemListElement\":[{\"@type\":\"ListItem\",\"position\":1,\"name\":\"Home\",\"item\":\"https:\/\/www.ifg.gr\/fr\/\"},{\"@type\":\"ListItem\",\"position\":2,\"name\":\"France - Gr\u00e8ce : 200 ans d'amiti\u00e9\"}]},{\"@type\":\"WebSite\",\"@id\":\"https:\/\/www.ifg.gr\/#website\",\"url\":\"https:\/\/www.ifg.gr\/\",\"name\":\"IFG\",\"description\":\"\",\"potentialAction\":[{\"@type\":\"SearchAction\",\"target\":{\"@type\":\"EntryPoint\",\"urlTemplate\":\"https:\/\/www.ifg.gr\/?s={search_term_string}\"},\"query-input\":{\"@type\":\"PropertyValueSpecification\",\"valueRequired\":true,\"valueName\":\"search_term_string\"}}],\"inLanguage\":\"fr-FR\"}]}<\/script>\n<!-- \/ Yoast SEO plugin. -->","yoast_head_json":{"title":"France - Gr\u00e8ce : 200 ans d'amiti\u00e9 Archives - IFG","robots":{"index":"index","follow":"follow","max-snippet":"max-snippet:-1","max-image-preview":"max-image-preview:large","max-video-preview":"max-video-preview:-1"},"canonical":"https:\/\/www.ifg.gr\/fr\/event-groups\/france-grece-200-ans-amitie\/","og_locale":"fr_FR","og_type":"article","og_title":"France - Gr\u00e8ce : 200 ans d'amiti\u00e9 Archives - IFG","og_description":"A l\u2019occasion du bicentenaire de la R\u00e9volution grecque de 1821, l\u2019Institut fran\u00e7ais de Gr\u00e8ce met en place un programme d\u2019actions \u00e9ducatives et culturelles, tout au long de l\u2019ann\u00e9e 2021. Des partenaires grecs (r\u00e9gions, villes, mus\u00e9es, biblioth\u00e8ques, etc.) sont associ\u00e9s \u00e0 plusieurs de ces actions dans le but de les enrichir, leur donner vie localement partout en Gr\u00e8ce et tourner vers l\u2019avenir les liens profonds de l\u2019amiti\u00e9 franco-hell\u00e9nique.","og_url":"https:\/\/www.ifg.gr\/fr\/event-groups\/france-grece-200-ans-amitie\/","og_site_name":"IFG","twitter_card":"summary_large_image","schema":{"@context":"https:\/\/schema.org","@graph":[{"@type":"CollectionPage","@id":"https:\/\/www.ifg.gr\/fr\/event-groups\/france-grece-200-ans-amitie\/","url":"https:\/\/www.ifg.gr\/fr\/event-groups\/france-grece-200-ans-amitie\/","name":"France - Gr\u00e8ce : 200 ans d'amiti\u00e9 Archives - IFG","isPartOf":{"@id":"https:\/\/www.ifg.gr\/#website"},"breadcrumb":{"@id":"https:\/\/www.ifg.gr\/fr\/event-groups\/france-grece-200-ans-amitie\/#breadcrumb"},"inLanguage":"fr-FR"},{"@type":"BreadcrumbList","@id":"https:\/\/www.ifg.gr\/fr\/event-groups\/france-grece-200-ans-amitie\/#breadcrumb","itemListElement":[{"@type":"ListItem","position":1,"name":"Home","item":"https:\/\/www.ifg.gr\/fr\/"},{"@type":"ListItem","position":2,"name":"France - Gr\u00e8ce : 200 ans d'amiti\u00e9"}]},{"@type":"WebSite","@id":"https:\/\/www.ifg.gr\/#website","url":"https:\/\/www.ifg.gr\/","name":"IFG","description":"","potentialAction":[{"@type":"SearchAction","target":{"@type":"EntryPoint","urlTemplate":"https:\/\/www.ifg.gr\/?s={search_term_string}"},"query-input":{"@type":"PropertyValueSpecification","valueRequired":true,"valueName":"search_term_string"}}],"inLanguage":"fr-FR"}]}},"_links":{"self":[{"href":"https:\/\/www.ifg.gr\/fr\/wp-json\/wp\/v2\/event_group\/987","targetHints":{"allow":["GET"]}}],"collection":[{"href":"https:\/\/www.ifg.gr\/fr\/wp-json\/wp\/v2\/event_group"}],"about":[{"href":"https:\/\/www.ifg.gr\/fr\/wp-json\/wp\/v2\/taxonomies\/event_group"}],"wp:post_type":[{"href":"https:\/\/www.ifg.gr\/fr\/wp-json\/wp\/v2\/event?event_group=987"}],"curies":[{"name":"wp","href":"https:\/\/api.w.org\/{rel}","templated":true}]}}